{"id":28785,"date":"2022-10-27T16:07:26","date_gmt":"2022-10-27T14:07:26","guid":{"rendered":"https:\/\/www.stylink.com\/stylink-wurde-zum-besten-startup-arbeitgeber-2022-gekuert-fr\/"},"modified":"2023-02-02T10:10:08","modified_gmt":"2023-02-02T09:10:08","slug":"stylink-nomme-meilleur-employeur-parmi-les-startup-2022","status":"publish","type":"post","link":"https:\/\/www.stylink.com\/fr\/non-classifiee\/stylink-nomme-meilleur-employeur-parmi-les-startup-2022\/","title":{"rendered":"stylink nomm\u00e9 Meilleur Employeur parmi les Startup 2022"},"content":{"rendered":"<div id=\"cs-content\" class=\"cs-content\"><\/div>\n","protected":false},"excerpt":{"rendered":"<p>Startup &agrave; succ&egrave;s : stylink a &eacute;t&eacute; class&eacute; num&eacute;ro un en tant que meilleur employeur parmi les startup en Allemagne, dans la cat&eacute;gorie Marketing &amp; Publicit&eacute;. &nbsp; Statista, en coop&eacute;ration avec Business Punk, a s&eacute;lectionn&eacute; les 300 meilleurs employeurs de la cat&eacute;gorie startups. Ils les ont &eacute;valu&eacute;s sur la base d&rsquo;enqu&ecirc;tes aupr&egrave;s de leurs pairs, de leur r&eacute;putation en ligne &#8230;<\/p>\n","protected":false},"author":5,"featured_media":28748,"comment_status":"closed","ping_status":"closed","sticky":false,"template":"","format":"standard","meta":{"rs_blank_template":"","rs_page_bg_color":"","slide_template_v7":"","footnotes":""},"categories":[],"tags":[],"class_list":["post-28785","post","type-post","status-publish","format-standard","has-post-thumbnail","hentry"],"yoast_head":"<title>stylink nomm\u00e9 Meilleur Employeur parmi les Startup 2022<\/title>\n<meta name=\"description\" content=\"stylink a \u00e9t\u00e9 class\u00e9 num\u00e9ro un en tant que meilleur employeur parmi les startup en Allemagne, dans la cat\u00e9gorie Marketing &amp; Publicit\u00e9.\" \/>\n<meta name=\"robots\" content=\"index, follow, max-snippet:-1, max-image-preview:large, max-video-preview:-1\" \/>\n<link rel=\"canonical\" href=\"https:\/\/www.stylink.com\/fr\/non-classifiee\/stylink-nomme-meilleur-employeur-parmi-les-startup-2022\/\" \/>\n<meta property=\"og:locale\" content=\"fr_FR\" \/>\n<meta property=\"og:type\" content=\"article\" \/>\n<meta property=\"og:title\" content=\"stylink nomm\u00e9 Meilleur Employeur parmi les Startup 2022\" \/>\n<meta property=\"og:description\" content=\"stylink a \u00e9t\u00e9 class\u00e9 num\u00e9ro un en tant que meilleur employeur parmi les startup en Allemagne, dans la cat\u00e9gorie Marketing &amp; Publicit\u00e9.\" \/>\n<meta property=\"og:url\" content=\"https:\/\/www.stylink.com\/fr\/non-classifiee\/stylink-nomme-meilleur-employeur-parmi-les-startup-2022\/\" \/>\n<meta property=\"og:site_name\" content=\"stylink - Plateforme de r\u00e9mun\u00e9ration pour les influenceurs\" \/>\n<meta property=\"article:published_time\" content=\"2022-10-27T14:07:26+00:00\" \/>\n<meta property=\"article:modified_time\" content=\"2023-02-02T09:10:08+00:00\" \/>\n<meta property=\"og:image\" content=\"https:\/\/www.stylink.com\/wp-content\/uploads\/2022\/10\/100.png\" \/>\n\t<meta property=\"og:image:width\" content=\"1080\" \/>\n\t<meta property=\"og:image:height\" content=\"1080\" \/>\n\t<meta property=\"og:image:type\" content=\"image\/png\" \/>\n<meta name=\"author\" content=\"Michael Elschenbroich\" \/>\n<meta name=\"twitter:card\" content=\"summary_large_image\" \/>\n<meta name=\"twitter:label1\" content=\"\u00c9crit par\" \/>\n\t<meta name=\"twitter:data1\" content=\"Michael Elschenbroich\" \/>\n\t<meta name=\"twitter:label2\" content=\"Dur\u00e9e de lecture estim\u00e9e\" \/>\n\t<meta name=\"twitter:data2\" content=\"3 minutes\" \/>\n<script type=\"application\/ld+json\" class=\"yoast-schema-graph\">{\"@context\":\"https:\\\/\\\/schema.org\",\"@graph\":[{\"@type\":\"Article\",\"@id\":\"https:\\\/\\\/www.stylink.com\\\/fr\\\/non-classifiee\\\/stylink-nomme-meilleur-employeur-parmi-les-startup-2022\\\/#article\",\"isPartOf\":{\"@id\":\"https:\\\/\\\/www.stylink.com\\\/fr\\\/non-classifiee\\\/stylink-nomme-meilleur-employeur-parmi-les-startup-2022\\\/\"},\"author\":{\"name\":\"Michael Elschenbroich\",\"@id\":\"https:\\\/\\\/www.stylink.com\\\/fr\\\/#\\\/schema\\\/person\\\/a8dffa8628c110c0b7b8eee642f763f2\"},\"headline\":\"stylink nomm\u00e9 Meilleur Employeur parmi les Startup 2022\",\"datePublished\":\"2022-10-27T14:07:26+00:00\",\"dateModified\":\"2023-02-02T09:10:08+00:00\",\"mainEntityOfPage\":{\"@id\":\"https:\\\/\\\/www.stylink.com\\\/fr\\\/non-classifiee\\\/stylink-nomme-meilleur-employeur-parmi-les-startup-2022\\\/\"},\"wordCount\":670,\"publisher\":{\"@id\":\"https:\\\/\\\/www.stylink.com\\\/fr\\\/#organization\"},\"image\":{\"@id\":\"https:\\\/\\\/www.stylink.com\\\/fr\\\/non-classifiee\\\/stylink-nomme-meilleur-employeur-parmi-les-startup-2022\\\/#primaryimage\"},\"thumbnailUrl\":\"https:\\\/\\\/www.stylink.com\\\/wp-content\\\/uploads\\\/2022\\\/10\\\/100.png\",\"inLanguage\":\"fr-FR\"},{\"@type\":\"WebPage\",\"@id\":\"https:\\\/\\\/www.stylink.com\\\/fr\\\/non-classifiee\\\/stylink-nomme-meilleur-employeur-parmi-les-startup-2022\\\/\",\"url\":\"https:\\\/\\\/www.stylink.com\\\/fr\\\/non-classifiee\\\/stylink-nomme-meilleur-employeur-parmi-les-startup-2022\\\/\",\"name\":\"stylink nomm\u00e9 Meilleur Employeur parmi les Startup 2022\",\"isPartOf\":{\"@id\":\"https:\\\/\\\/www.stylink.com\\\/fr\\\/#website\"},\"primaryImageOfPage\":{\"@id\":\"https:\\\/\\\/www.stylink.com\\\/fr\\\/non-classifiee\\\/stylink-nomme-meilleur-employeur-parmi-les-startup-2022\\\/#primaryimage\"},\"image\":{\"@id\":\"https:\\\/\\\/www.stylink.com\\\/fr\\\/non-classifiee\\\/stylink-nomme-meilleur-employeur-parmi-les-startup-2022\\\/#primaryimage\"},\"thumbnailUrl\":\"https:\\\/\\\/www.stylink.com\\\/wp-content\\\/uploads\\\/2022\\\/10\\\/100.png\",\"datePublished\":\"2022-10-27T14:07:26+00:00\",\"dateModified\":\"2023-02-02T09:10:08+00:00\",\"description\":\"stylink a \u00e9t\u00e9 class\u00e9 num\u00e9ro un en tant que meilleur employeur parmi les startup en Allemagne, dans la cat\u00e9gorie Marketing & Publicit\u00e9.\",\"breadcrumb\":{\"@id\":\"https:\\\/\\\/www.stylink.com\\\/fr\\\/non-classifiee\\\/stylink-nomme-meilleur-employeur-parmi-les-startup-2022\\\/#breadcrumb\"},\"inLanguage\":\"fr-FR\",\"potentialAction\":[{\"@type\":\"ReadAction\",\"target\":[\"https:\\\/\\\/www.stylink.com\\\/fr\\\/non-classifiee\\\/stylink-nomme-meilleur-employeur-parmi-les-startup-2022\\\/\"]}]},{\"@type\":\"ImageObject\",\"inLanguage\":\"fr-FR\",\"@id\":\"https:\\\/\\\/www.stylink.com\\\/fr\\\/non-classifiee\\\/stylink-nomme-meilleur-employeur-parmi-les-startup-2022\\\/#primaryimage\",\"url\":\"https:\\\/\\\/www.stylink.com\\\/wp-content\\\/uploads\\\/2022\\\/10\\\/100.png\",\"contentUrl\":\"https:\\\/\\\/www.stylink.com\\\/wp-content\\\/uploads\\\/2022\\\/10\\\/100.png\",\"width\":1080,\"height\":1080,\"caption\":\"stylink-best-startup-employer-2022-award\"},{\"@type\":\"BreadcrumbList\",\"@id\":\"https:\\\/\\\/www.stylink.com\\\/fr\\\/non-classifiee\\\/stylink-nomme-meilleur-employeur-parmi-les-startup-2022\\\/#breadcrumb\",\"itemListElement\":[{\"@type\":\"ListItem\",\"position\":1,\"name\":\"Startseite\",\"item\":\"https:\\\/\\\/www.stylink.com\\\/fr\\\/start-fr\\\/\"},{\"@type\":\"ListItem\",\"position\":2,\"name\":\"stylink nomm\u00e9 Meilleur Employeur parmi les Startup 2022\"}]},{\"@type\":\"WebSite\",\"@id\":\"https:\\\/\\\/www.stylink.com\\\/fr\\\/#website\",\"url\":\"https:\\\/\\\/www.stylink.com\\\/fr\\\/\",\"name\":\"stylink - Verg\u00fctungs-Plattform f\u00fcr Influencer\",\"description\":\"Verg\u00fctungs-Plattform f\u00fcr Creators\",\"publisher\":{\"@id\":\"https:\\\/\\\/www.stylink.com\\\/fr\\\/#organization\"},\"alternateName\":\"stylink Social Media GmbH\",\"potentialAction\":[{\"@type\":\"SearchAction\",\"target\":{\"@type\":\"EntryPoint\",\"urlTemplate\":\"https:\\\/\\\/www.stylink.com\\\/fr\\\/?s={search_term_string}\"},\"query-input\":{\"@type\":\"PropertyValueSpecification\",\"valueRequired\":true,\"valueName\":\"search_term_string\"}}],\"inLanguage\":\"fr-FR\"},{\"@type\":\"Organization\",\"@id\":\"https:\\\/\\\/www.stylink.com\\\/fr\\\/#organization\",\"name\":\"stylink Social Media GmbH\",\"alternateName\":\"stylink \u2013 Verg\u00fctungs-Plattform f\u00fcr Influencer\",\"url\":\"https:\\\/\\\/www.stylink.com\\\/fr\\\/\",\"logo\":{\"@type\":\"ImageObject\",\"inLanguage\":\"fr-FR\",\"@id\":\"https:\\\/\\\/www.stylink.com\\\/fr\\\/#\\\/schema\\\/logo\\\/image\\\/\",\"url\":\"https:\\\/\\\/www.stylink.com\\\/wp-content\\\/uploads\\\/2020\\\/01\\\/stylink-verguetungsplattform-logo-favicon-1.jpg\",\"contentUrl\":\"https:\\\/\\\/www.stylink.com\\\/wp-content\\\/uploads\\\/2020\\\/01\\\/stylink-verguetungsplattform-logo-favicon-1.jpg\",\"width\":600,\"height\":600,\"caption\":\"stylink Social Media GmbH\"},\"image\":{\"@id\":\"https:\\\/\\\/www.stylink.com\\\/fr\\\/#\\\/schema\\\/logo\\\/image\\\/\"},\"sameAs\":[\"https:\\\/\\\/www.instagram.com\\\/stylinkofficial\\\/\",\"https:\\\/\\\/www.linkedin.com\\\/company\\\/stylink-social-media\"]},{\"@type\":\"Person\",\"@id\":\"https:\\\/\\\/www.stylink.com\\\/fr\\\/#\\\/schema\\\/person\\\/a8dffa8628c110c0b7b8eee642f763f2\",\"name\":\"Michael Elschenbroich\",\"description\":\"is responsible for marketing and business development at stylink UK. In his private life he also explores social media and digital trends on a daily basis.\",\"sameAs\":[\"https:\\\/\\\/www.stylink.com\\\/en\"]}]}<\/script>","yoast_head_json":{"title":"stylink nomm\u00e9 Meilleur Employeur parmi les Startup 2022","description":"stylink a \u00e9t\u00e9 class\u00e9 num\u00e9ro un en tant que meilleur employeur parmi les startup en Allemagne, dans la cat\u00e9gorie Marketing & Publicit\u00e9.","robots":{"index":"index","follow":"follow","max-snippet":"max-snippet:-1","max-image-preview":"max-image-preview:large","max-video-preview":"max-video-preview:-1"},"canonical":"https:\/\/www.stylink.com\/fr\/non-classifiee\/stylink-nomme-meilleur-employeur-parmi-les-startup-2022\/","og_locale":"fr_FR","og_type":"article","og_title":"stylink nomm\u00e9 Meilleur Employeur parmi les Startup 2022","og_description":"stylink a \u00e9t\u00e9 class\u00e9 num\u00e9ro un en tant que meilleur employeur parmi les startup en Allemagne, dans la cat\u00e9gorie Marketing & Publicit\u00e9.","og_url":"https:\/\/www.stylink.com\/fr\/non-classifiee\/stylink-nomme-meilleur-employeur-parmi-les-startup-2022\/","og_site_name":"stylink - Plateforme de r\u00e9mun\u00e9ration pour les influenceurs","article_published_time":"2022-10-27T14:07:26+00:00","article_modified_time":"2023-02-02T09:10:08+00:00","og_image":[{"width":1080,"height":1080,"url":"https:\/\/www.stylink.com\/wp-content\/uploads\/2022\/10\/100.png","type":"image\/png"}],"author":"Michael Elschenbroich","twitter_card":"summary_large_image","twitter_misc":{"\u00c9crit par":"Michael Elschenbroich","Dur\u00e9e de lecture estim\u00e9e":"3 minutes"},"schema":{"@context":"https:\/\/schema.org","@graph":[{"@type":"Article","@id":"https:\/\/www.stylink.com\/fr\/non-classifiee\/stylink-nomme-meilleur-employeur-parmi-les-startup-2022\/#article","isPartOf":{"@id":"https:\/\/www.stylink.com\/fr\/non-classifiee\/stylink-nomme-meilleur-employeur-parmi-les-startup-2022\/"},"author":{"name":"Michael Elschenbroich","@id":"https:\/\/www.stylink.com\/fr\/#\/schema\/person\/a8dffa8628c110c0b7b8eee642f763f2"},"headline":"stylink nomm\u00e9 Meilleur Employeur parmi les Startup 2022","datePublished":"2022-10-27T14:07:26+00:00","dateModified":"2023-02-02T09:10:08+00:00","mainEntityOfPage":{"@id":"https:\/\/www.stylink.com\/fr\/non-classifiee\/stylink-nomme-meilleur-employeur-parmi-les-startup-2022\/"},"wordCount":670,"publisher":{"@id":"https:\/\/www.stylink.com\/fr\/#organization"},"image":{"@id":"https:\/\/www.stylink.com\/fr\/non-classifiee\/stylink-nomme-meilleur-employeur-parmi-les-startup-2022\/#primaryimage"},"thumbnailUrl":"https:\/\/www.stylink.com\/wp-content\/uploads\/2022\/10\/100.png","inLanguage":"fr-FR"},{"@type":"WebPage","@id":"https:\/\/www.stylink.com\/fr\/non-classifiee\/stylink-nomme-meilleur-employeur-parmi-les-startup-2022\/","url":"https:\/\/www.stylink.com\/fr\/non-classifiee\/stylink-nomme-meilleur-employeur-parmi-les-startup-2022\/","name":"stylink nomm\u00e9 Meilleur Employeur parmi les Startup 2022","isPartOf":{"@id":"https:\/\/www.stylink.com\/fr\/#website"},"primaryImageOfPage":{"@id":"https:\/\/www.stylink.com\/fr\/non-classifiee\/stylink-nomme-meilleur-employeur-parmi-les-startup-2022\/#primaryimage"},"image":{"@id":"https:\/\/www.stylink.com\/fr\/non-classifiee\/stylink-nomme-meilleur-employeur-parmi-les-startup-2022\/#primaryimage"},"thumbnailUrl":"https:\/\/www.stylink.com\/wp-content\/uploads\/2022\/10\/100.png","datePublished":"2022-10-27T14:07:26+00:00","dateModified":"2023-02-02T09:10:08+00:00","description":"stylink a \u00e9t\u00e9 class\u00e9 num\u00e9ro un en tant que meilleur employeur parmi les startup en Allemagne, dans la cat\u00e9gorie Marketing & Publicit\u00e9.","breadcrumb":{"@id":"https:\/\/www.stylink.com\/fr\/non-classifiee\/stylink-nomme-meilleur-employeur-parmi-les-startup-2022\/#breadcrumb"},"inLanguage":"fr-FR","potentialAction":[{"@type":"ReadAction","target":["https:\/\/www.stylink.com\/fr\/non-classifiee\/stylink-nomme-meilleur-employeur-parmi-les-startup-2022\/"]}]},{"@type":"ImageObject","inLanguage":"fr-FR","@id":"https:\/\/www.stylink.com\/fr\/non-classifiee\/stylink-nomme-meilleur-employeur-parmi-les-startup-2022\/#primaryimage","url":"https:\/\/www.stylink.com\/wp-content\/uploads\/2022\/10\/100.png","contentUrl":"https:\/\/www.stylink.com\/wp-content\/uploads\/2022\/10\/100.png","width":1080,"height":1080,"caption":"stylink-best-startup-employer-2022-award"},{"@type":"BreadcrumbList","@id":"https:\/\/www.stylink.com\/fr\/non-classifiee\/stylink-nomme-meilleur-employeur-parmi-les-startup-2022\/#breadcrumb","itemListElement":[{"@type":"ListItem","position":1,"name":"Startseite","item":"https:\/\/www.stylink.com\/fr\/start-fr\/"},{"@type":"ListItem","position":2,"name":"stylink nomm\u00e9 Meilleur Employeur parmi les Startup 2022"}]},{"@type":"WebSite","@id":"https:\/\/www.stylink.com\/fr\/#website","url":"https:\/\/www.stylink.com\/fr\/","name":"stylink - Verg\u00fctungs-Plattform f\u00fcr Influencer","description":"Verg\u00fctungs-Plattform f\u00fcr Creators","publisher":{"@id":"https:\/\/www.stylink.com\/fr\/#organization"},"alternateName":"stylink Social Media GmbH","potentialAction":[{"@type":"SearchAction","target":{"@type":"EntryPoint","urlTemplate":"https:\/\/www.stylink.com\/fr\/?s={search_term_string}"},"query-input":{"@type":"PropertyValueSpecification","valueRequired":true,"valueName":"search_term_string"}}],"inLanguage":"fr-FR"},{"@type":"Organization","@id":"https:\/\/www.stylink.com\/fr\/#organization","name":"stylink Social Media GmbH","alternateName":"stylink \u2013 Verg\u00fctungs-Plattform f\u00fcr Influencer","url":"https:\/\/www.stylink.com\/fr\/","logo":{"@type":"ImageObject","inLanguage":"fr-FR","@id":"https:\/\/www.stylink.com\/fr\/#\/schema\/logo\/image\/","url":"https:\/\/www.stylink.com\/wp-content\/uploads\/2020\/01\/stylink-verguetungsplattform-logo-favicon-1.jpg","contentUrl":"https:\/\/www.stylink.com\/wp-content\/uploads\/2020\/01\/stylink-verguetungsplattform-logo-favicon-1.jpg","width":600,"height":600,"caption":"stylink Social Media GmbH"},"image":{"@id":"https:\/\/www.stylink.com\/fr\/#\/schema\/logo\/image\/"},"sameAs":["https:\/\/www.instagram.com\/stylinkofficial\/","https:\/\/www.linkedin.com\/company\/stylink-social-media"]},{"@type":"Person","@id":"https:\/\/www.stylink.com\/fr\/#\/schema\/person\/a8dffa8628c110c0b7b8eee642f763f2","name":"Michael Elschenbroich","description":"is responsible for marketing and business development at stylink UK. In his private life he also explores social media and digital trends on a daily basis.","sameAs":["https:\/\/www.stylink.com\/en"]}]}},"_links":{"self":[{"href":"https:\/\/www.stylink.com\/fr\/wp-json\/wp\/v2\/posts\/28785","targetHints":{"allow":["GET"]}}],"collection":[{"href":"https:\/\/www.stylink.com\/fr\/wp-json\/wp\/v2\/posts"}],"about":[{"href":"https:\/\/www.stylink.com\/fr\/wp-json\/wp\/v2\/types\/post"}],"author":[{"embeddable":true,"href":"https:\/\/www.stylink.com\/fr\/wp-json\/wp\/v2\/users\/5"}],"replies":[{"embeddable":true,"href":"https:\/\/www.stylink.com\/fr\/wp-json\/wp\/v2\/comments?post=28785"}],"version-history":[{"count":0,"href":"https:\/\/www.stylink.com\/fr\/wp-json\/wp\/v2\/posts\/28785\/revisions"}],"wp:featuredmedia":[{"embeddable":true,"href":"https:\/\/www.stylink.com\/fr\/wp-json\/wp\/v2\/media\/28748"}],"wp:attachment":[{"href":"https:\/\/www.stylink.com\/fr\/wp-json\/wp\/v2\/media?parent=28785"}],"wp:term":[{"taxonomy":"category","embeddable":true,"href":"https:\/\/www.stylink.com\/fr\/wp-json\/wp\/v2\/categories?post=28785"},{"taxonomy":"post_tag","embeddable":true,"href":"https:\/\/www.stylink.com\/fr\/wp-json\/wp\/v2\/tags?post=28785"}],"curies":[{"name":"wp","href":"https:\/\/api.w.org\/{rel}","templated":true}]}}